{"id":3916,"date":"2023-11-27T14:02:59","date_gmt":"2023-11-27T11:02:59","guid":{"rendered":"https:\/\/iicbarcellona.esteri.it\/news\/dall_istituto\/2023\/11\/avviso-di-assunzione-di-un-impiegato-a-contratto-presso-listituto-italiano-di-cultura-di-madrid-da-adibire-ai-servizi-di-autista-commesso-centralinista\/"},"modified":"2023-12-05T12:00:09","modified_gmt":"2023-12-05T09:00:09","slug":"avviso-di-assunzione-di-un-impiegato-a-contratto-presso-listituto-italiano-di-cultura-di-madrid-da-adibire-ai-servizi-di-autista-commesso-centralinista","status":"publish","type":"post","link":"https:\/\/iicbarcellona.esteri.it\/es\/news\/dall_istituto\/2023\/11\/avviso-di-assunzione-di-un-impiegato-a-contratto-presso-listituto-italiano-di-cultura-di-madrid-da-adibire-ai-servizi-di-autista-commesso-centralinista\/","title":{"rendered":"Avviso di assunzione di un impiegato a contratto presso l\u2019Istituto Italiano di Cultura di Madrid da adibire ai servizi di AUTISTA-COMMESSO-CENTRALINISTA"},"content":{"rendered":"<div class=\"entry-content\">\n<div class=\"entry-content\">\n<div class=\"entry-content\">\n<p>Anuncio de contrataci\u00f3n de 1 contratado laboral en el Istituto Italiano di Cultura di Madrid para ser destinado a los servicios de conductor \u2013 auxiliar \u2013 telefonista.<\/p>\n<p><a href=\"https:\/\/iicmadrid.esteri.it\/wp-content\/uploads\/2023\/11\/Avviso-di-Assunzione-Contratto-Autista-commesso-centralinista.pdf\">Anuncio de contrataci\u00f3n<\/a><\/p>\n<p><a href=\"https:\/\/ambmadrid.esteri.it\/wp-content\/uploads\/2023\/11\/2.-Fac-simile-di-Domanda.doc\">Facs\u00edmil del formulario de candidatura<\/a><\/p>\n<p>Las solicitudes de admisi\u00f3n a las pruebas deber\u00e1n presentarse antes de las 23.59 horas del mi\u00e9rcoles 27 de diciembre de 2023.<\/p>\n<p>El calendario de las pruebas se enviar\u00e1 a los admitidos por correo electr\u00f3nico y se publicar\u00e1 en la p\u00e1gina web del Istituto Italiano di Cultura di Madrid.<\/p>\n<\/div>\n<\/div>\n<\/div>\n","protected":false},"excerpt":{"rendered":"Anuncio de contrataci\u00f3n de 1 contratado laboral en el Istituto Italiano di Cultura di Madrid para ser destinado a los servicios de conductor \u2013 auxiliar \u2013 telefonista. Anuncio de contrataci\u00f3n Facs\u00edmil del formulario de candidatura Las solicitudes de admisi\u00f3n a las pruebas deber\u00e1n presentarse antes de las 23.59 horas del mi\u00e9rcoles 27 de diciembre de [&hellip;]","protected":false},"author":3,"featured_media":3908,"comment_status":"closed","ping_status":"closed","sticky":false,"template":"","format":"standard","meta":{"footnotes":""},"tags":[],"class_list":["post-3916","post","type-post","status-publish","format-standard","has-post-thumbnail","hentry"],"_links":{"self":[{"href":"https:\/\/iicbarcellona.esteri.it\/es\/wp-json\/wp\/v2\/posts\/3916","targetHints":{"allow":["GET"]}}],"collection":[{"href":"https:\/\/iicbarcellona.esteri.it\/es\/wp-json\/wp\/v2\/posts"}],"about":[{"href":"https:\/\/iicbarcellona.esteri.it\/es\/wp-json\/wp\/v2\/types\/post"}],"author":[{"embeddable":true,"href":"https:\/\/iicbarcellona.esteri.it\/es\/wp-json\/wp\/v2\/users\/3"}],"replies":[{"embeddable":true,"href":"https:\/\/iicbarcellona.esteri.it\/es\/wp-json\/wp\/v2\/comments?post=3916"}],"version-history":[{"count":3,"href":"https:\/\/iicbarcellona.esteri.it\/es\/wp-json\/wp\/v2\/posts\/3916\/revisions"}],"predecessor-version":[{"id":4063,"href":"https:\/\/iicbarcellona.esteri.it\/es\/wp-json\/wp\/v2\/posts\/3916\/revisions\/4063"}],"wp:featuredmedia":[{"embeddable":true,"href":"https:\/\/iicbarcellona.esteri.it\/es\/wp-json\/wp\/v2\/media\/3908"}],"wp:attachment":[{"href":"https:\/\/iicbarcellona.esteri.it\/es\/wp-json\/wp\/v2\/media?parent=3916"}],"wp:term":[{"taxonomy":"post_tag","embeddable":true,"href":"https:\/\/iicbarcellona.esteri.it\/es\/wp-json\/wp\/v2\/tags?post=3916"}],"curies":[{"name":"wp","href":"https:\/\/api.w.org\/{rel}","templated":true}]}}