{"id":3913,"date":"2023-11-27T14:02:59","date_gmt":"2023-11-27T11:02:59","guid":{"rendered":"https:\/\/iicbarcellona.esteri.it\/news\/dall_istituto\/2023\/11\/avviso-di-assunzione-di-un-impiegato-a-contratto-presso-listituto-italiano-di-cultura-di-madrid-da-adibire-ai-servizi-di-autista-commesso-centralinista\/"},"modified":"2024-02-12T13:56:35","modified_gmt":"2024-02-12T10:56:35","slug":"avviso-di-assunzione-di-un-impiegato-a-contratto-presso-listituto-italiano-di-cultura-di-madrid-da-adibire-ai-servizi-di-autista-commesso-centralinista","status":"publish","type":"post","link":"https:\/\/iicbarcellona.esteri.it\/ca\/news\/dall_istituto\/2023\/11\/avviso-di-assunzione-di-un-impiegato-a-contratto-presso-listituto-italiano-di-cultura-di-madrid-da-adibire-ai-servizi-di-autista-commesso-centralinista\/","title":{"rendered":"Anunci de contractaci\u00f3 d\u2019un empleat al Istituto Italiano di Cultura de Madrid, destinat als serveis de conductor \u2013 auxiliar \u2013 telefonista."},"content":{"rendered":"<div class=\"entry-content\">\n<p>Anunci de contractaci\u00f3 d&#8217;un empleat al Istituto Italiano di Cultura de Madrid, destinat als serveis de conductor \u2013 auxiliar \u2013 telefonista.<\/p>\n<p><a href=\"https:\/\/iicmadrid.esteri.it\/wp-content\/uploads\/2023\/11\/Avviso-di-Assunzione-Contratto-Autista-commesso-centralinista.pdf\">Anuncio de contrataci\u00f3n<\/a><\/p>\n<p><a href=\"https:\/\/ambmadrid.esteri.it\/wp-content\/uploads\/2023\/11\/2.-Fac-simile-di-Domanda.doc\">Facs\u00edmil del formulario de candidatura<\/a><\/p>\n<p>Les sol\u00b7licituds d&#8217;admissi\u00f3 a les proves hauran de presentar-se abans de les 23.59 hores del dimecres 27 de desembre de 2023.<\/p>\n<p>El calendari de les proves s&#8217;enviar\u00e0 als admesos per correu electr\u00f2nic i es publicar\u00e0 en la p\u00e0gina web del Istituto Italia di Cultura de Madrid.<\/p>\n<\/div>\n","protected":false},"excerpt":{"rendered":"Anunci de contractaci\u00f3 d&#8217;un empleat al Istituto Italiano di Cultura de Madrid, destinat als serveis de conductor \u2013 auxiliar \u2013 telefonista. Anuncio de contrataci\u00f3n Facs\u00edmil del formulario de candidatura Les sol\u00b7licituds d&#8217;admissi\u00f3 a les proves hauran de presentar-se abans de les 23.59 hores del dimecres 27 de desembre de 2023. El calendari de les proves [&hellip;]","protected":false},"author":3,"featured_media":3908,"comment_status":"closed","ping_status":"closed","sticky":false,"template":"","format":"standard","meta":{"footnotes":""},"tags":[],"class_list":["post-3913","post","type-post","status-publish","format-standard","has-post-thumbnail","hentry"],"_links":{"self":[{"href":"https:\/\/iicbarcellona.esteri.it\/ca\/wp-json\/wp\/v2\/posts\/3913","targetHints":{"allow":["GET"]}}],"collection":[{"href":"https:\/\/iicbarcellona.esteri.it\/ca\/wp-json\/wp\/v2\/posts"}],"about":[{"href":"https:\/\/iicbarcellona.esteri.it\/ca\/wp-json\/wp\/v2\/types\/post"}],"author":[{"embeddable":true,"href":"https:\/\/iicbarcellona.esteri.it\/ca\/wp-json\/wp\/v2\/users\/3"}],"replies":[{"embeddable":true,"href":"https:\/\/iicbarcellona.esteri.it\/ca\/wp-json\/wp\/v2\/comments?post=3913"}],"version-history":[{"count":5,"href":"https:\/\/iicbarcellona.esteri.it\/ca\/wp-json\/wp\/v2\/posts\/3913\/revisions"}],"predecessor-version":[{"id":4065,"href":"https:\/\/iicbarcellona.esteri.it\/ca\/wp-json\/wp\/v2\/posts\/3913\/revisions\/4065"}],"wp:featuredmedia":[{"embeddable":true,"href":"https:\/\/iicbarcellona.esteri.it\/ca\/wp-json\/wp\/v2\/media\/3908"}],"wp:attachment":[{"href":"https:\/\/iicbarcellona.esteri.it\/ca\/wp-json\/wp\/v2\/media?parent=3913"}],"wp:term":[{"taxonomy":"post_tag","embeddable":true,"href":"https:\/\/iicbarcellona.esteri.it\/ca\/wp-json\/wp\/v2\/tags?post=3913"}],"curies":[{"name":"wp","href":"https:\/\/api.w.org\/{rel}","templated":true}]}}